{"id":264,"date":"2022-06-17T12:55:56","date_gmt":"2022-06-17T10:55:56","guid":{"rendered":"https:\/\/novaweb.cel-obert.org\/?p=264"},"modified":"2023-01-26T15:08:00","modified_gmt":"2023-01-26T13:08:00","slug":"mediacio","status":"publish","type":"post","link":"https:\/\/www.cel-obert.org\/es\/mediacio\/","title":{"rendered":"Mediaci\u00f3n"},"content":{"rendered":"<div data-elementor-type=\"wp-post\" data-elementor-id=\"264\" class=\"elementor elementor-264\">\n\t\t\t\t\t\t\t\t\t<section class=\"elementor-section elementor-top-section elementor-element elementor-element-40430e8c elementor-reverse-mobile elementor-section-full_width elementor-section-height-full elementor-section-height-default elementor-section-items-middle\" data-id=\"40430e8c\" data-element_type=\"section\">\n\t\t\t\t\t\t<div class=\"elementor-container elementor-column-gap-no\">\n\t\t\t\t\t<div class=\"elementor-column elementor-col-50 elementor-top-column elementor-element elementor-element-9418d3d\" data-id=\"9418d3d\" data-element_type=\"column\">\n\t\t\t<div class=\"elementor-widget-wrap elementor-element-populated\">\n\t\t\t\t\t\t\t\t<div class=\"elementor-element elementor-element-6d071837 elementor-widget elementor-widget-heading\" data-id=\"6d071837\" data-element_type=\"widget\" data-widget_type=\"heading.default\">\n\t\t\t\t<div class=\"elementor-widget-container\">\n\t\t\t<style>\/*! elementor - v3.11.1 - 15-02-2023 *\/\n.elementor-heading-title{padding:0;margin:0;line-height:1}.elementor-widget-heading .elementor-heading-title[class*=elementor-size-]>a{color:inherit;font-size:inherit;line-height:inherit}.elementor-widget-heading .elementor-heading-title.elementor-size-small{font-size:15px}.elementor-widget-heading .elementor-heading-title.elementor-size-medium{font-size:19px}.elementor-widget-heading .elementor-heading-title.elementor-size-large{font-size:29px}.elementor-widget-heading .elementor-heading-title.elementor-size-xl{font-size:39px}.elementor-widget-heading .elementor-heading-title.elementor-size-xxl{font-size:59px}<\/style><h4 class=\"elementor-heading-title elementor-size-default\">Nuestra orientaci\u00f3n de trabajo se basa en<\/h4>\t\t<\/div>\n\t\t\t\t<\/div>\n\t\t\t\t<div class=\"elementor-element elementor-element-5398ef83 elementor-widget elementor-widget-text-editor\" data-id=\"5398ef83\" data-element_type=\"widget\" data-widget_type=\"text-editor.default\">\n\t\t\t\t<div class=\"elementor-widget-container\">\n\t\t\t<style>\/*! elementor - v3.11.1 - 15-02-2023 *\/\n.elementor-widget-text-editor.elementor-drop-cap-view-stacked .elementor-drop-cap{background-color:#818a91;color:#fff}.elementor-widget-text-editor.elementor-drop-cap-view-framed .elementor-drop-cap{color:#818a91;border:3px solid;background-color:transparent}.elementor-widget-text-editor:not(.elementor-drop-cap-view-default) .elementor-drop-cap{margin-top:8px}.elementor-widget-text-editor:not(.elementor-drop-cap-view-default) .elementor-drop-cap-letter{width:1em;height:1em}.elementor-widget-text-editor .elementor-drop-cap{float:left;text-align:center;line-height:1;font-size:50px}.elementor-widget-text-editor .elementor-drop-cap-letter{display:inline-block}<\/style>\t\t\t\t<p><strong>abordar los conflictos de manera que se pueda evitar la v\u00eda judicial, lo que comporta un ahorro econ\u00f3mico y de tiempo a la hora de solucionar discrepancias.<\/strong><\/p>\n<p><strong>Pretendemos llegar a un consenso de manera que ninguna de las partes perciba el acuerdo final como una p\u00e9rdida o perjuicio para sus intereses.<\/strong><\/p>\n<p><strong>Cel Obert ofrece sus servicios de asesoramiento y de mediaci\u00f3n para resolver conflictos que se puedan generar en el \u00e1mbito familiar, conflictos paternofiliales, de pareja o del entorno familiar.<\/strong><\/p>\t\t\t\t\t\t<\/div>\n\t\t\t\t<\/div>\n\t\t\t\t\t<\/div>\n\t\t<\/div>\n\t\t\t\t<div class=\"elementor-column elementor-col-50 elementor-top-column elementor-element elementor-element-107c18d2\" data-id=\"107c18d2\" data-element_type=\"column\">\n\t\t\t<div class=\"elementor-widget-wrap elementor-element-populated\">\n\t\t\t\t\t\t\t\t<div class=\"elementor-element elementor-element-5d9b18b8 elementor-widget elementor-widget-image\" data-id=\"5d9b18b8\" data-element_type=\"widget\" data-widget_type=\"image.default\">\n\t\t\t\t<div class=\"elementor-widget-container\">\n\t\t\t<style>\/*! elementor - v3.11.1 - 15-02-2023 *\/\n.elementor-widget-image{text-align:center}.elementor-widget-image a{display:inline-block}.elementor-widget-image a img[src$=\".svg\"]{width:48px}.elementor-widget-image img{vertical-align:middle;display:inline-block}<\/style>\t\t\t\t\t\t\t\t\t\t\t\t<img decoding=\"async\" width=\"419\" height=\"340\" src=\"https:\/\/www.cel-obert.org\/wp-content\/uploads\/2022\/06\/team-spirit-2447163__340.jpg\" class=\"attachment-full size-full wp-image-204\" alt=\"\" srcset=\"https:\/\/www.cel-obert.org\/wp-content\/uploads\/2022\/06\/team-spirit-2447163__340.jpg 419w, https:\/\/www.cel-obert.org\/wp-content\/uploads\/2022\/06\/team-spirit-2447163__340-300x243.jpg 300w\" sizes=\"(max-width: 419px) 100vw, 419px\" \/>\t\t\t\t\t\t\t\t\t\t\t\t\t\t\t<\/div>\n\t\t\t\t<\/div>\n\t\t\t\t\t<\/div>\n\t\t<\/div>\n\t\t\t\t\t\t\t<\/div>\n\t\t<\/section>\n\t\t\t\t\t\t\t<\/div>","protected":false},"excerpt":{"rendered":"<p>La nostra orientaci\u00f3 de treball es basa a abordar els conflictes de manera que es pugui evitar la via judicial, la qual cosa comporta un estalvi econ\u00f2mic i de temps a l&#8217;hora de solucionar les discrep\u00e0ncies. Pretenem arribar a un consens de manera que cap de les parts percep l\u2019acord final com una p\u00e8rdua o&hellip;&nbsp;<a href=\"https:\/\/www.cel-obert.org\/es\/mediacio\/\" class=\"\" rel=\"bookmark\">Leer m\u00e1s &raquo;<span class=\"screen-reader-text\">Mediaci\u00f3n<\/span><\/a><\/p>","protected":false},"author":1,"featured_media":0,"comment_status":"open","ping_status":"open","sticky":false,"template":"","format":"standard","meta":{"neve_meta_sidebar":"","neve_meta_container":"","neve_meta_enable_content_width":"","neve_meta_content_width":0,"neve_meta_title_alignment":"","neve_meta_author_avatar":"","neve_post_elements_order":"","neve_meta_disable_header":"","neve_meta_disable_footer":"","neve_meta_disable_title":"","_themeisle_gutenberg_block_has_review":false,"_ti_tpc_template_sync":false,"_ti_tpc_template_id":""},"categories":[13],"tags":[],"yoast_head":"<!-- This site is optimized with the Yoast SEO plugin v20.1 - https:\/\/yoast.com\/wordpress\/plugins\/seo\/ -->\n<title>Mediaci\u00f3 - Cel Obert<\/title>\n<meta name=\"robots\" content=\"index, follow, max-snippet:-1, max-image-preview:large, max-video-preview:-1\" \/>\n<link rel=\"canonical\" href=\"https:\/\/www.cel-obert.org\/es\/mediacio\/\" \/>\n<meta property=\"og:locale\" content=\"es_ES\" \/>\n<meta property=\"og:type\" content=\"article\" \/>\n<meta property=\"og:title\" content=\"Mediaci\u00f3 - Cel Obert\" \/>\n<meta property=\"og:description\" content=\"La nostra orientaci\u00f3 de treball es basa a abordar els conflictes de manera que es pugui evitar la via judicial, la qual cosa comporta un estalvi econ\u00f2mic i de temps a l&#8217;hora de solucionar les discrep\u00e0ncies. Pretenem arribar a un consens de manera que cap de les parts percep l\u2019acord final com una p\u00e8rdua o&hellip;&nbsp;Leer m\u00e1s &raquo;Mediaci\u00f3\" \/>\n<meta property=\"og:url\" content=\"https:\/\/www.cel-obert.org\/es\/mediacio\/\" \/>\n<meta property=\"og:site_name\" content=\"Cel Obert\" \/>\n<meta property=\"article:published_time\" content=\"2022-06-17T10:55:56+00:00\" \/>\n<meta property=\"article:modified_time\" content=\"2023-01-26T13:08:00+00:00\" \/>\n<meta property=\"og:image\" content=\"https:\/\/www.cel-obert.org\/wp-content\/uploads\/2022\/06\/team-spirit-2447163__340.jpg\" \/>\n<meta name=\"author\" content=\"admin_celobert\" \/>\n<meta name=\"twitter:card\" content=\"summary_large_image\" \/>\n<meta name=\"twitter:label1\" content=\"Escrito por\" \/>\n\t<meta name=\"twitter:data1\" content=\"admin_celobert\" \/>\n\t<meta name=\"twitter:label2\" content=\"Tiempo de lectura\" \/>\n\t<meta name=\"twitter:data2\" content=\"1 minuto\" \/>\n<script type=\"application\/ld+json\" class=\"yoast-schema-graph\">{\"@context\":\"https:\/\/schema.org\",\"@graph\":[{\"@type\":\"Article\",\"@id\":\"https:\/\/www.cel-obert.org\/mediacio\/#article\",\"isPartOf\":{\"@id\":\"https:\/\/www.cel-obert.org\/mediacio\/\"},\"author\":{\"name\":\"admin_celobert\",\"@id\":\"https:\/\/www.cel-obert.org\/#\/schema\/person\/69adbc36e267ff240c6d47f754c61b44\"},\"headline\":\"Mediaci\u00f3\",\"datePublished\":\"2022-06-17T10:55:56+00:00\",\"dateModified\":\"2023-01-26T13:08:00+00:00\",\"mainEntityOfPage\":{\"@id\":\"https:\/\/www.cel-obert.org\/mediacio\/\"},\"wordCount\":94,\"commentCount\":0,\"publisher\":{\"@id\":\"https:\/\/www.cel-obert.org\/#organization\"},\"articleSection\":[\"altres serveis\"],\"inLanguage\":\"es\",\"potentialAction\":[{\"@type\":\"CommentAction\",\"name\":\"Comment\",\"target\":[\"https:\/\/www.cel-obert.org\/mediacio\/#respond\"]}]},{\"@type\":\"WebPage\",\"@id\":\"https:\/\/www.cel-obert.org\/mediacio\/\",\"url\":\"https:\/\/www.cel-obert.org\/mediacio\/\",\"name\":\"Mediaci\u00f3 - Cel Obert\",\"isPartOf\":{\"@id\":\"https:\/\/www.cel-obert.org\/#website\"},\"datePublished\":\"2022-06-17T10:55:56+00:00\",\"dateModified\":\"2023-01-26T13:08:00+00:00\",\"inLanguage\":\"es\",\"potentialAction\":[{\"@type\":\"ReadAction\",\"target\":[\"https:\/\/www.cel-obert.org\/mediacio\/\"]}]},{\"@type\":\"WebSite\",\"@id\":\"https:\/\/www.cel-obert.org\/#website\",\"url\":\"https:\/\/www.cel-obert.org\/\",\"name\":\"Cel Obert\",\"description\":\"Associaci\u00f3 d&#039;Ajuda Social dedicada al Acolliment Familiar\",\"publisher\":{\"@id\":\"https:\/\/www.cel-obert.org\/#organization\"},\"potentialAction\":[{\"@type\":\"SearchAction\",\"target\":{\"@type\":\"EntryPoint\",\"urlTemplate\":\"https:\/\/www.cel-obert.org\/?s={search_term_string}\"},\"query-input\":\"required name=search_term_string\"}],\"inLanguage\":\"es\"},{\"@type\":\"Organization\",\"@id\":\"https:\/\/www.cel-obert.org\/#organization\",\"name\":\"Cel Obert - Associaci\u00f3 d'Ajuda Social\",\"url\":\"https:\/\/www.cel-obert.org\/\",\"logo\":{\"@type\":\"ImageObject\",\"inLanguage\":\"es\",\"@id\":\"https:\/\/www.cel-obert.org\/#\/schema\/logo\/image\/\",\"url\":\"https:\/\/www.cel-obert.org\/wp-content\/uploads\/2022\/11\/cropped-cropped-Logo_CelObert_358e9d-1.png\",\"contentUrl\":\"https:\/\/www.cel-obert.org\/wp-content\/uploads\/2022\/11\/cropped-cropped-Logo_CelObert_358e9d-1.png\",\"width\":200,\"height\":88,\"caption\":\"Cel Obert - Associaci\u00f3 d'Ajuda Social\"},\"image\":{\"@id\":\"https:\/\/www.cel-obert.org\/#\/schema\/logo\/image\/\"},\"sameAs\":[\"https:\/\/www.instagram.com\/celobert.barcelona\/\"]},{\"@type\":\"Person\",\"@id\":\"https:\/\/www.cel-obert.org\/#\/schema\/person\/69adbc36e267ff240c6d47f754c61b44\",\"name\":\"admin_celobert\",\"image\":{\"@type\":\"ImageObject\",\"inLanguage\":\"es\",\"@id\":\"https:\/\/www.cel-obert.org\/#\/schema\/person\/image\/\",\"url\":\"https:\/\/secure.gravatar.com\/avatar\/cb945b31528aad5c0418b328b191ca59?s=96&d=mm&r=g\",\"contentUrl\":\"https:\/\/secure.gravatar.com\/avatar\/cb945b31528aad5c0418b328b191ca59?s=96&d=mm&r=g\",\"caption\":\"admin_celobert\"},\"sameAs\":[\"https:\/\/www.cel-obert.org\"],\"url\":\"https:\/\/www.cel-obert.org\/es\/author\/admin_celobert\/\"}]}<\/script>\n<!-- \/ Yoast SEO plugin. -->","yoast_head_json":{"title":"Mediaci\u00f3 - Cel Obert","robots":{"index":"index","follow":"follow","max-snippet":"max-snippet:-1","max-image-preview":"max-image-preview:large","max-video-preview":"max-video-preview:-1"},"canonical":"https:\/\/www.cel-obert.org\/es\/mediacio\/","og_locale":"es_ES","og_type":"article","og_title":"Mediaci\u00f3 - Cel Obert","og_description":"La nostra orientaci\u00f3 de treball es basa a abordar els conflictes de manera que es pugui evitar la via judicial, la qual cosa comporta un estalvi econ\u00f2mic i de temps a l&#8217;hora de solucionar les discrep\u00e0ncies. Pretenem arribar a un consens de manera que cap de les parts percep l\u2019acord final com una p\u00e8rdua o&hellip;&nbsp;Leer m\u00e1s &raquo;Mediaci\u00f3","og_url":"https:\/\/www.cel-obert.org\/es\/mediacio\/","og_site_name":"Cel Obert","article_published_time":"2022-06-17T10:55:56+00:00","article_modified_time":"2023-01-26T13:08:00+00:00","og_image":[{"url":"https:\/\/www.cel-obert.org\/wp-content\/uploads\/2022\/06\/team-spirit-2447163__340.jpg"}],"author":"admin_celobert","twitter_card":"summary_large_image","twitter_misc":{"Escrito por":"admin_celobert","Tiempo de lectura":"1 minuto"},"schema":{"@context":"https:\/\/schema.org","@graph":[{"@type":"Article","@id":"https:\/\/www.cel-obert.org\/mediacio\/#article","isPartOf":{"@id":"https:\/\/www.cel-obert.org\/mediacio\/"},"author":{"name":"admin_celobert","@id":"https:\/\/www.cel-obert.org\/#\/schema\/person\/69adbc36e267ff240c6d47f754c61b44"},"headline":"Mediaci\u00f3","datePublished":"2022-06-17T10:55:56+00:00","dateModified":"2023-01-26T13:08:00+00:00","mainEntityOfPage":{"@id":"https:\/\/www.cel-obert.org\/mediacio\/"},"wordCount":94,"commentCount":0,"publisher":{"@id":"https:\/\/www.cel-obert.org\/#organization"},"articleSection":["altres serveis"],"inLanguage":"es","potentialAction":[{"@type":"CommentAction","name":"Comment","target":["https:\/\/www.cel-obert.org\/mediacio\/#respond"]}]},{"@type":"WebPage","@id":"https:\/\/www.cel-obert.org\/mediacio\/","url":"https:\/\/www.cel-obert.org\/mediacio\/","name":"Mediaci\u00f3 - Cel Obert","isPartOf":{"@id":"https:\/\/www.cel-obert.org\/#website"},"datePublished":"2022-06-17T10:55:56+00:00","dateModified":"2023-01-26T13:08:00+00:00","inLanguage":"es","potentialAction":[{"@type":"ReadAction","target":["https:\/\/www.cel-obert.org\/mediacio\/"]}]},{"@type":"WebSite","@id":"https:\/\/www.cel-obert.org\/#website","url":"https:\/\/www.cel-obert.org\/","name":"Cel Obert","description":"Associaci\u00f3 d&#039;Ajuda Social dedicada al Acolliment Familiar","publisher":{"@id":"https:\/\/www.cel-obert.org\/#organization"},"potentialAction":[{"@type":"SearchAction","target":{"@type":"EntryPoint","urlTemplate":"https:\/\/www.cel-obert.org\/?s={search_term_string}"},"query-input":"required name=search_term_string"}],"inLanguage":"es"},{"@type":"Organization","@id":"https:\/\/www.cel-obert.org\/#organization","name":"Cel Obert - Associaci\u00f3 d'Ajuda Social","url":"https:\/\/www.cel-obert.org\/","logo":{"@type":"ImageObject","inLanguage":"es","@id":"https:\/\/www.cel-obert.org\/#\/schema\/logo\/image\/","url":"https:\/\/www.cel-obert.org\/wp-content\/uploads\/2022\/11\/cropped-cropped-Logo_CelObert_358e9d-1.png","contentUrl":"https:\/\/www.cel-obert.org\/wp-content\/uploads\/2022\/11\/cropped-cropped-Logo_CelObert_358e9d-1.png","width":200,"height":88,"caption":"Cel Obert - Associaci\u00f3 d'Ajuda Social"},"image":{"@id":"https:\/\/www.cel-obert.org\/#\/schema\/logo\/image\/"},"sameAs":["https:\/\/www.instagram.com\/celobert.barcelona\/"]},{"@type":"Person","@id":"https:\/\/www.cel-obert.org\/#\/schema\/person\/69adbc36e267ff240c6d47f754c61b44","name":"admin_celobert","image":{"@type":"ImageObject","inLanguage":"es","@id":"https:\/\/www.cel-obert.org\/#\/schema\/person\/image\/","url":"https:\/\/secure.gravatar.com\/avatar\/cb945b31528aad5c0418b328b191ca59?s=96&d=mm&r=g","contentUrl":"https:\/\/secure.gravatar.com\/avatar\/cb945b31528aad5c0418b328b191ca59?s=96&d=mm&r=g","caption":"admin_celobert"},"sameAs":["https:\/\/www.cel-obert.org"],"url":"https:\/\/www.cel-obert.org\/es\/author\/admin_celobert\/"}]}},"_links":{"self":[{"href":"https:\/\/www.cel-obert.org\/es\/wp-json\/wp\/v2\/posts\/264"}],"collection":[{"href":"https:\/\/www.cel-obert.org\/es\/wp-json\/wp\/v2\/posts"}],"about":[{"href":"https:\/\/www.cel-obert.org\/es\/wp-json\/wp\/v2\/types\/post"}],"author":[{"embeddable":true,"href":"https:\/\/www.cel-obert.org\/es\/wp-json\/wp\/v2\/users\/1"}],"replies":[{"embeddable":true,"href":"https:\/\/www.cel-obert.org\/es\/wp-json\/wp\/v2\/comments?post=264"}],"version-history":[{"count":47,"href":"https:\/\/www.cel-obert.org\/es\/wp-json\/wp\/v2\/posts\/264\/revisions"}],"predecessor-version":[{"id":2477,"href":"https:\/\/www.cel-obert.org\/es\/wp-json\/wp\/v2\/posts\/264\/revisions\/2477"}],"wp:attachment":[{"href":"https:\/\/www.cel-obert.org\/es\/wp-json\/wp\/v2\/media?parent=264"}],"wp:term":[{"taxonomy":"category","embeddable":true,"href":"https:\/\/www.cel-obert.org\/es\/wp-json\/wp\/v2\/categories?post=264"},{"taxonomy":"post_tag","embeddable":true,"href":"https:\/\/www.cel-obert.org\/es\/wp-json\/wp\/v2\/tags?post=264"}],"curies":[{"name":"wp","href":"https:\/\/api.w.org\/{rel}","templated":true}]}}