{"id":256,"date":"2022-06-17T12:54:24","date_gmt":"2022-06-17T10:54:24","guid":{"rendered":"https:\/\/novaweb.cel-obert.org\/?p=256"},"modified":"2023-02-02T13:06:59","modified_gmt":"2023-02-02T11:06:59","slug":"altres-serveis","status":"publish","type":"post","link":"https:\/\/www.cel-obert.org\/es\/altres-serveis\/","title":{"rendered":"Otros Servicios"},"content":{"rendered":"<div data-elementor-type=\"wp-post\" data-elementor-id=\"256\" class=\"elementor elementor-256\">\n\t\t\t\t\t\t\t\t\t<section class=\"elementor-section elementor-top-section elementor-element elementor-element-385b7734 elementor-section-boxed elementor-section-height-default elementor-section-height-default\" data-id=\"385b7734\" data-element_type=\"section\">\n\t\t\t\t\t\t<div class=\"elementor-container elementor-column-gap-default\">\n\t\t\t\t\t<div class=\"elementor-column elementor-col-100 elementor-top-column elementor-element elementor-element-365becef\" data-id=\"365becef\" data-element_type=\"column\">\n\t\t\t<div class=\"elementor-widget-wrap elementor-element-populated\">\n\t\t\t\t\t\t\t\t<div class=\"elementor-element elementor-element-1418e1b elementor-widget elementor-widget-heading\" data-id=\"1418e1b\" data-element_type=\"widget\" data-widget_type=\"heading.default\">\n\t\t\t\t<div class=\"elementor-widget-container\">\n\t\t\t<style>\/*! elementor - v3.11.1 - 15-02-2023 *\/\n.elementor-heading-title{padding:0;margin:0;line-height:1}.elementor-widget-heading .elementor-heading-title[class*=elementor-size-]>a{color:inherit;font-size:inherit;line-height:inherit}.elementor-widget-heading .elementor-heading-title.elementor-size-small{font-size:15px}.elementor-widget-heading .elementor-heading-title.elementor-size-medium{font-size:19px}.elementor-widget-heading .elementor-heading-title.elementor-size-large{font-size:29px}.elementor-widget-heading .elementor-heading-title.elementor-size-xl{font-size:39px}.elementor-widget-heading .elementor-heading-title.elementor-size-xxl{font-size:59px}<\/style><h2 class=\"elementor-heading-title elementor-size-large\">Desde la entidad Cel Obert contamos con profesionales formados en diferentes disciplinas para ofrecer otros servicios complementarios a nuestra actividad. <\/h2>\t\t<\/div>\n\t\t\t\t<\/div>\n\t\t\t\t\t<\/div>\n\t\t<\/div>\n\t\t\t\t\t\t\t<\/div>\n\t\t<\/section>\n\t\t\t\t<section class=\"elementor-section elementor-top-section elementor-element elementor-element-dbd44d0 elementor-section-boxed elementor-section-height-default elementor-section-height-default\" data-id=\"dbd44d0\" data-element_type=\"section\">\n\t\t\t\t\t\t<div class=\"elementor-container elementor-column-gap-default\">\n\t\t\t\t\t<div class=\"elementor-column elementor-col-100 elementor-top-column elementor-element elementor-element-a837fc3\" data-id=\"a837fc3\" data-element_type=\"column\">\n\t\t\t<div class=\"elementor-widget-wrap elementor-element-populated\">\n\t\t\t\t\t\t\t\t<div class=\"elementor-element elementor-element-fd1883e elementor-widget elementor-widget-image\" data-id=\"fd1883e\" data-element_type=\"widget\" data-widget_type=\"image.default\">\n\t\t\t\t<div class=\"elementor-widget-container\">\n\t\t\t<style>\/*! elementor - v3.11.1 - 15-02-2023 *\/\n.elementor-widget-image{text-align:center}.elementor-widget-image a{display:inline-block}.elementor-widget-image a img[src$=\".svg\"]{width:48px}.elementor-widget-image img{vertical-align:middle;display:inline-block}<\/style>\t\t\t\t\t\t\t\t\t\t\t\t<img decoding=\"async\" width=\"612\" height=\"295\" src=\"https:\/\/www.cel-obert.org\/wp-content\/uploads\/2022\/06\/altres-serveis.jpg\" class=\"attachment-large size-large wp-image-1882\" alt=\"\" srcset=\"https:\/\/www.cel-obert.org\/wp-content\/uploads\/2022\/06\/altres-serveis.jpg 612w, https:\/\/www.cel-obert.org\/wp-content\/uploads\/2022\/06\/altres-serveis-300x145.jpg 300w, https:\/\/www.cel-obert.org\/wp-content\/uploads\/2022\/06\/altres-serveis-18x9.jpg 18w\" sizes=\"(max-width: 612px) 100vw, 612px\" \/>\t\t\t\t\t\t\t\t\t\t\t\t\t\t\t<\/div>\n\t\t\t\t<\/div>\n\t\t\t\t\t<\/div>\n\t\t<\/div>\n\t\t\t\t\t\t\t<\/div>\n\t\t<\/section>\n\t\t\t\t<section class=\"elementor-section elementor-top-section elementor-element elementor-element-3f421258 elementor-section-boxed elementor-section-height-default elementor-section-height-default\" data-id=\"3f421258\" data-element_type=\"section\">\n\t\t\t\t\t\t<div class=\"elementor-container elementor-column-gap-default\">\n\t\t\t\t\t<div class=\"elementor-column elementor-col-50 elementor-top-column elementor-element elementor-element-751eba8b\" data-id=\"751eba8b\" data-element_type=\"column\">\n\t\t\t<div class=\"elementor-widget-wrap elementor-element-populated\">\n\t\t\t\t\t\t\t\t<div class=\"elementor-element elementor-element-327acea4 elementor-widget elementor-widget-heading\" data-id=\"327acea4\" data-element_type=\"widget\" data-widget_type=\"heading.default\">\n\t\t\t\t<div class=\"elementor-widget-container\">\n\t\t\t<h2 class=\"elementor-heading-title elementor-size-default\">Atenci\u00f3n psicol\u00f3gica<\/h2>\t\t<\/div>\n\t\t\t\t<\/div>\n\t\t\t\t<div class=\"elementor-element elementor-element-1144ac92 elementor-widget elementor-widget-text-editor\" data-id=\"1144ac92\" data-element_type=\"widget\" data-widget_type=\"text-editor.default\">\n\t\t\t\t<div class=\"elementor-widget-container\">\n\t\t\t<style>\/*! elementor - v3.11.1 - 15-02-2023 *\/\n.elementor-widget-text-editor.elementor-drop-cap-view-stacked .elementor-drop-cap{background-color:#818a91;color:#fff}.elementor-widget-text-editor.elementor-drop-cap-view-framed .elementor-drop-cap{color:#818a91;border:3px solid;background-color:transparent}.elementor-widget-text-editor:not(.elementor-drop-cap-view-default) .elementor-drop-cap{margin-top:8px}.elementor-widget-text-editor:not(.elementor-drop-cap-view-default) .elementor-drop-cap-letter{width:1em;height:1em}.elementor-widget-text-editor .elementor-drop-cap{float:left;text-align:center;line-height:1;font-size:50px}.elementor-widget-text-editor .elementor-drop-cap-letter{display:inline-block}<\/style>\t\t\t\t<h3 style=\"text-align: center;\">A familias, ni\u00f1os\/as, adolescentes y a <a href=\"https:\/\/www.cel-obert.org\/es\/atencio-a-persones-amb-diversitat-funcional\/\" target=\"_blank\" rel=\"noopener\">personas con diversidad funcional intelectual.\u00a0<\/a>\u00a0<\/h3>\t\t\t\t\t\t<\/div>\n\t\t\t\t<\/div>\n\t\t\t\t<div class=\"elementor-element elementor-element-390d7542 elementor-align-center elementor-widget elementor-widget-button\" data-id=\"390d7542\" data-element_type=\"widget\" data-widget_type=\"button.default\">\n\t\t\t\t<div class=\"elementor-widget-container\">\n\t\t\t\t\t<div class=\"elementor-button-wrapper\">\n\t\t\t<a href=\"https:\/\/www.cel-obert.org\/es\/atencio-psicologica\/\" target=\"_blank\" class=\"elementor-button-link elementor-button elementor-size-md\" role=\"button\">\n\t\t\t\t\t\t<span class=\"elementor-button-content-wrapper\">\n\t\t\t\t\t\t<span class=\"elementor-button-text\">m\u00e1s informaci\u00f3n<\/span>\n\t\t<\/span>\n\t\t\t\t\t<\/a>\n\t\t<\/div>\n\t\t\t\t<\/div>\n\t\t\t\t<\/div>\n\t\t\t\t\t<\/div>\n\t\t<\/div>\n\t\t\t\t<div class=\"elementor-column elementor-col-50 elementor-top-column elementor-element elementor-element-30bc839\" data-id=\"30bc839\" data-element_type=\"column\">\n\t\t\t<div class=\"elementor-widget-wrap elementor-element-populated\">\n\t\t\t\t\t\t\t\t<div class=\"elementor-element elementor-element-3796487c elementor-widget elementor-widget-heading\" data-id=\"3796487c\" data-element_type=\"widget\" data-widget_type=\"heading.default\">\n\t\t\t\t<div class=\"elementor-widget-container\">\n\t\t\t<h2 class=\"elementor-heading-title elementor-size-default\">Peritajes psicol\u00f3gicos<\/h2>\t\t<\/div>\n\t\t\t\t<\/div>\n\t\t\t\t<div class=\"elementor-element elementor-element-966dcda elementor-widget elementor-widget-text-editor\" data-id=\"966dcda\" data-element_type=\"widget\" data-widget_type=\"text-editor.default\">\n\t\t\t\t<div class=\"elementor-widget-container\">\n\t\t\t\t\t\t\t<h3 style=\"text-align: center;\">Estudio y evaluaci\u00f3n de los comportamientos de los actores jur\u00eddicos en el \u00e1mbito judicial.<\/h3>\t\t\t\t\t\t<\/div>\n\t\t\t\t<\/div>\n\t\t\t\t<div class=\"elementor-element elementor-element-6bf86194 elementor-align-center elementor-widget elementor-widget-button\" data-id=\"6bf86194\" data-element_type=\"widget\" data-widget_type=\"button.default\">\n\t\t\t\t<div class=\"elementor-widget-container\">\n\t\t\t\t\t<div class=\"elementor-button-wrapper\">\n\t\t\t<a href=\"https:\/\/www.cel-obert.org\/es\/peritatges-psicologics\/\" target=\"_blank\" class=\"elementor-button-link elementor-button elementor-size-md\" role=\"button\">\n\t\t\t\t\t\t<span class=\"elementor-button-content-wrapper\">\n\t\t\t\t\t\t<span class=\"elementor-button-text\">m\u00e1s informaci\u00f3n<\/span>\n\t\t<\/span>\n\t\t\t\t\t<\/a>\n\t\t<\/div>\n\t\t\t\t<\/div>\n\t\t\t\t<\/div>\n\t\t\t\t\t<\/div>\n\t\t<\/div>\n\t\t\t\t\t\t\t<\/div>\n\t\t<\/section>\n\t\t\t\t<section class=\"elementor-section elementor-top-section elementor-element elementor-element-1d45350 elementor-section-boxed elementor-section-height-default elementor-section-height-default\" data-id=\"1d45350\" data-element_type=\"section\">\n\t\t\t\t\t\t<div class=\"elementor-container elementor-column-gap-default\">\n\t\t\t\t\t<div class=\"elementor-column elementor-col-50 elementor-top-column elementor-element elementor-element-35504d7\" data-id=\"35504d7\" data-element_type=\"column\">\n\t\t\t<div class=\"elementor-widget-wrap elementor-element-populated\">\n\t\t\t\t\t\t\t\t<div class=\"elementor-element elementor-element-e6009b9 elementor-widget elementor-widget-heading\" data-id=\"e6009b9\" data-element_type=\"widget\" data-widget_type=\"heading.default\">\n\t\t\t\t<div class=\"elementor-widget-container\">\n\t\t\t<h2 class=\"elementor-heading-title elementor-size-default\">Mediaci\u00f3n<\/h2>\t\t<\/div>\n\t\t\t\t<\/div>\n\t\t\t\t<div class=\"elementor-element elementor-element-64dcd56 elementor-widget elementor-widget-text-editor\" data-id=\"64dcd56\" data-element_type=\"widget\" data-widget_type=\"text-editor.default\">\n\t\t\t\t<div class=\"elementor-widget-container\">\n\t\t\t\t\t\t\t<h3 style=\"text-align: center;\">Asesoramiento y mediaci\u00f3n para resolver conflictos en el \u00e1mbito familiar\u00a0\u00a0<\/h3>\t\t\t\t\t\t<\/div>\n\t\t\t\t<\/div>\n\t\t\t\t<div class=\"elementor-element elementor-element-6d6e69d elementor-align-center elementor-widget elementor-widget-button\" data-id=\"6d6e69d\" data-element_type=\"widget\" data-widget_type=\"button.default\">\n\t\t\t\t<div class=\"elementor-widget-container\">\n\t\t\t\t\t<div class=\"elementor-button-wrapper\">\n\t\t\t<a href=\"https:\/\/www.cel-obert.org\/es\/mediacio\/\" target=\"_blank\" class=\"elementor-button-link elementor-button elementor-size-md\" role=\"button\">\n\t\t\t\t\t\t<span class=\"elementor-button-content-wrapper\">\n\t\t\t\t\t\t<span class=\"elementor-button-text\">m\u00e1s informaci\u00f3n<\/span>\n\t\t<\/span>\n\t\t\t\t\t<\/a>\n\t\t<\/div>\n\t\t\t\t<\/div>\n\t\t\t\t<\/div>\n\t\t\t\t\t<\/div>\n\t\t<\/div>\n\t\t\t\t<div class=\"elementor-column elementor-col-50 elementor-top-column elementor-element elementor-element-c4b3e59\" data-id=\"c4b3e59\" data-element_type=\"column\">\n\t\t\t<div class=\"elementor-widget-wrap elementor-element-populated\">\n\t\t\t\t\t\t\t\t<div class=\"elementor-element elementor-element-3079f93 elementor-widget elementor-widget-heading\" data-id=\"3079f93\" data-element_type=\"widget\" data-widget_type=\"heading.default\">\n\t\t\t\t<div class=\"elementor-widget-container\">\n\t\t\t<h2 class=\"elementor-heading-title elementor-size-default\">Postadopci\u00f3n<\/h2>\t\t<\/div>\n\t\t\t\t<\/div>\n\t\t\t\t<div class=\"elementor-element elementor-element-2bfa15b elementor-widget elementor-widget-text-editor\" data-id=\"2bfa15b\" data-element_type=\"widget\" data-widget_type=\"text-editor.default\">\n\t\t\t\t<div class=\"elementor-widget-container\">\n\t\t\t\t\t\t\t<h3 style=\"text-align: center;\">Asesoramiento y orientaci\u00f3n psicol\u00f3gica para familias adoptivas.<\/h3>\t\t\t\t\t\t<\/div>\n\t\t\t\t<\/div>\n\t\t\t\t<div class=\"elementor-element elementor-element-4c5220a elementor-align-center elementor-widget elementor-widget-button\" data-id=\"4c5220a\" data-element_type=\"widget\" data-widget_type=\"button.default\">\n\t\t\t\t<div class=\"elementor-widget-container\">\n\t\t\t\t\t<div class=\"elementor-button-wrapper\">\n\t\t\t<a href=\"https:\/\/www.cel-obert.org\/es\/post-adopcio\/\" target=\"_blank\" class=\"elementor-button-link elementor-button elementor-size-md\" role=\"button\">\n\t\t\t\t\t\t<span class=\"elementor-button-content-wrapper\">\n\t\t\t\t\t\t<span class=\"elementor-button-text\">m\u00e1s informaci\u00f3n<\/span>\n\t\t<\/span>\n\t\t\t\t\t<\/a>\n\t\t<\/div>\n\t\t\t\t<\/div>\n\t\t\t\t<\/div>\n\t\t\t\t\t<\/div>\n\t\t<\/div>\n\t\t\t\t\t\t\t<\/div>\n\t\t<\/section>\n\t\t\t\t\t\t\t<\/div>","protected":false},"excerpt":{"rendered":"<p>Des de l\u2019entitat Cel Obert comptem amb professionals formats en diferents disciplines per oferir altres serveis complementaris a la nostra activitat. Atenci\u00f3 psicol\u00f2gica A fam\u00edlies, infants, adolescents i a persones amb diversitat funcional intel\u00b7lectual.\u00a0\u00a0 m\u00e9s informaci\u00f3 Peritatges psicol\u00f2gics Estudi i avaluaci\u00f3 dels comportaments dels actors jur\u00eddics en l&#8217;\u00e0mbit judicial. m\u00e9s informaci\u00f3 Mediaci\u00f3 Assessorament i mediaci\u00f3&hellip;&nbsp;<a href=\"https:\/\/www.cel-obert.org\/es\/altres-serveis\/\" class=\"\" rel=\"bookmark\">Leer m\u00e1s &raquo;<span class=\"screen-reader-text\">Otros Servicios<\/span><\/a><\/p>","protected":false},"author":1,"featured_media":0,"comment_status":"open","ping_status":"open","sticky":false,"template":"","format":"standard","meta":{"neve_meta_sidebar":"","neve_meta_container":"","neve_meta_enable_content_width":"","neve_meta_content_width":0,"neve_meta_title_alignment":"","neve_meta_author_avatar":"","neve_post_elements_order":"","neve_meta_disable_header":"","neve_meta_disable_footer":"","neve_meta_disable_title":"","_themeisle_gutenberg_block_has_review":false,"_ti_tpc_template_sync":false,"_ti_tpc_template_id":""},"categories":[13],"tags":[],"yoast_head":"<!-- This site is optimized with the Yoast SEO plugin v20.1 - https:\/\/yoast.com\/wordpress\/plugins\/seo\/ -->\n<title>Altres Serveis - Cel Obert<\/title>\n<meta name=\"robots\" content=\"index, follow, max-snippet:-1, max-image-preview:large, max-video-preview:-1\" \/>\n<link rel=\"canonical\" href=\"https:\/\/www.cel-obert.org\/es\/altres-serveis\/\" \/>\n<meta property=\"og:locale\" content=\"es_ES\" \/>\n<meta property=\"og:type\" content=\"article\" \/>\n<meta property=\"og:title\" content=\"Altres Serveis - Cel Obert\" \/>\n<meta property=\"og:description\" content=\"Des de l\u2019entitat Cel Obert comptem amb professionals formats en diferents disciplines per oferir altres serveis complementaris a la nostra activitat. Atenci\u00f3 psicol\u00f2gica A fam\u00edlies, infants, adolescents i a persones amb diversitat funcional intel\u00b7lectual.\u00a0\u00a0 m\u00e9s informaci\u00f3 Peritatges psicol\u00f2gics Estudi i avaluaci\u00f3 dels comportaments dels actors jur\u00eddics en l&#8217;\u00e0mbit judicial. m\u00e9s informaci\u00f3 Mediaci\u00f3 Assessorament i mediaci\u00f3&hellip;&nbsp;Leer m\u00e1s &raquo;Altres Serveis\" \/>\n<meta property=\"og:url\" content=\"https:\/\/www.cel-obert.org\/es\/altres-serveis\/\" \/>\n<meta property=\"og:site_name\" content=\"Cel Obert\" \/>\n<meta property=\"article:published_time\" content=\"2022-06-17T10:54:24+00:00\" \/>\n<meta property=\"article:modified_time\" content=\"2023-02-02T11:06:59+00:00\" \/>\n<meta property=\"og:image\" content=\"https:\/\/www.cel-obert.org\/wp-content\/uploads\/2022\/06\/altres-serveis.jpg\" \/>\n<meta name=\"author\" content=\"admin_celobert\" \/>\n<meta name=\"twitter:card\" content=\"summary_large_image\" \/>\n<meta name=\"twitter:label1\" content=\"Escrito por\" \/>\n\t<meta name=\"twitter:data1\" content=\"admin_celobert\" \/>\n\t<meta name=\"twitter:label2\" content=\"Tiempo de lectura\" \/>\n\t<meta name=\"twitter:data2\" content=\"1 minuto\" \/>\n<script type=\"application\/ld+json\" class=\"yoast-schema-graph\">{\"@context\":\"https:\/\/schema.org\",\"@graph\":[{\"@type\":\"Article\",\"@id\":\"https:\/\/www.cel-obert.org\/altres-serveis\/#article\",\"isPartOf\":{\"@id\":\"https:\/\/www.cel-obert.org\/altres-serveis\/\"},\"author\":{\"name\":\"admin_celobert\",\"@id\":\"https:\/\/www.cel-obert.org\/#\/schema\/person\/69adbc36e267ff240c6d47f754c61b44\"},\"headline\":\"Altres Serveis\",\"datePublished\":\"2022-06-17T10:54:24+00:00\",\"dateModified\":\"2023-02-02T11:06:59+00:00\",\"mainEntityOfPage\":{\"@id\":\"https:\/\/www.cel-obert.org\/altres-serveis\/\"},\"wordCount\":91,\"commentCount\":0,\"publisher\":{\"@id\":\"https:\/\/www.cel-obert.org\/#organization\"},\"articleSection\":[\"altres serveis\"],\"inLanguage\":\"es\",\"potentialAction\":[{\"@type\":\"CommentAction\",\"name\":\"Comment\",\"target\":[\"https:\/\/www.cel-obert.org\/altres-serveis\/#respond\"]}]},{\"@type\":\"WebPage\",\"@id\":\"https:\/\/www.cel-obert.org\/altres-serveis\/\",\"url\":\"https:\/\/www.cel-obert.org\/altres-serveis\/\",\"name\":\"Altres Serveis - Cel Obert\",\"isPartOf\":{\"@id\":\"https:\/\/www.cel-obert.org\/#website\"},\"datePublished\":\"2022-06-17T10:54:24+00:00\",\"dateModified\":\"2023-02-02T11:06:59+00:00\",\"inLanguage\":\"es\",\"potentialAction\":[{\"@type\":\"ReadAction\",\"target\":[\"https:\/\/www.cel-obert.org\/altres-serveis\/\"]}]},{\"@type\":\"WebSite\",\"@id\":\"https:\/\/www.cel-obert.org\/#website\",\"url\":\"https:\/\/www.cel-obert.org\/\",\"name\":\"Cel Obert\",\"description\":\"Associaci\u00f3 d&#039;Ajuda Social dedicada al Acolliment Familiar\",\"publisher\":{\"@id\":\"https:\/\/www.cel-obert.org\/#organization\"},\"potentialAction\":[{\"@type\":\"SearchAction\",\"target\":{\"@type\":\"EntryPoint\",\"urlTemplate\":\"https:\/\/www.cel-obert.org\/?s={search_term_string}\"},\"query-input\":\"required name=search_term_string\"}],\"inLanguage\":\"es\"},{\"@type\":\"Organization\",\"@id\":\"https:\/\/www.cel-obert.org\/#organization\",\"name\":\"Cel Obert - Associaci\u00f3 d'Ajuda Social\",\"url\":\"https:\/\/www.cel-obert.org\/\",\"logo\":{\"@type\":\"ImageObject\",\"inLanguage\":\"es\",\"@id\":\"https:\/\/www.cel-obert.org\/#\/schema\/logo\/image\/\",\"url\":\"https:\/\/www.cel-obert.org\/wp-content\/uploads\/2022\/11\/cropped-cropped-Logo_CelObert_358e9d-1.png\",\"contentUrl\":\"https:\/\/www.cel-obert.org\/wp-content\/uploads\/2022\/11\/cropped-cropped-Logo_CelObert_358e9d-1.png\",\"width\":200,\"height\":88,\"caption\":\"Cel Obert - Associaci\u00f3 d'Ajuda Social\"},\"image\":{\"@id\":\"https:\/\/www.cel-obert.org\/#\/schema\/logo\/image\/\"},\"sameAs\":[\"https:\/\/www.instagram.com\/celobert.barcelona\/\"]},{\"@type\":\"Person\",\"@id\":\"https:\/\/www.cel-obert.org\/#\/schema\/person\/69adbc36e267ff240c6d47f754c61b44\",\"name\":\"admin_celobert\",\"image\":{\"@type\":\"ImageObject\",\"inLanguage\":\"es\",\"@id\":\"https:\/\/www.cel-obert.org\/#\/schema\/person\/image\/\",\"url\":\"https:\/\/secure.gravatar.com\/avatar\/cb945b31528aad5c0418b328b191ca59?s=96&d=mm&r=g\",\"contentUrl\":\"https:\/\/secure.gravatar.com\/avatar\/cb945b31528aad5c0418b328b191ca59?s=96&d=mm&r=g\",\"caption\":\"admin_celobert\"},\"sameAs\":[\"https:\/\/www.cel-obert.org\"],\"url\":\"https:\/\/www.cel-obert.org\/es\/author\/admin_celobert\/\"}]}<\/script>\n<!-- \/ Yoast SEO plugin. -->","yoast_head_json":{"title":"Altres Serveis - Cel Obert","robots":{"index":"index","follow":"follow","max-snippet":"max-snippet:-1","max-image-preview":"max-image-preview:large","max-video-preview":"max-video-preview:-1"},"canonical":"https:\/\/www.cel-obert.org\/es\/altres-serveis\/","og_locale":"es_ES","og_type":"article","og_title":"Altres Serveis - Cel Obert","og_description":"Des de l\u2019entitat Cel Obert comptem amb professionals formats en diferents disciplines per oferir altres serveis complementaris a la nostra activitat. Atenci\u00f3 psicol\u00f2gica A fam\u00edlies, infants, adolescents i a persones amb diversitat funcional intel\u00b7lectual.\u00a0\u00a0 m\u00e9s informaci\u00f3 Peritatges psicol\u00f2gics Estudi i avaluaci\u00f3 dels comportaments dels actors jur\u00eddics en l&#8217;\u00e0mbit judicial. m\u00e9s informaci\u00f3 Mediaci\u00f3 Assessorament i mediaci\u00f3&hellip;&nbsp;Leer m\u00e1s &raquo;Altres Serveis","og_url":"https:\/\/www.cel-obert.org\/es\/altres-serveis\/","og_site_name":"Cel Obert","article_published_time":"2022-06-17T10:54:24+00:00","article_modified_time":"2023-02-02T11:06:59+00:00","og_image":[{"url":"https:\/\/www.cel-obert.org\/wp-content\/uploads\/2022\/06\/altres-serveis.jpg"}],"author":"admin_celobert","twitter_card":"summary_large_image","twitter_misc":{"Escrito por":"admin_celobert","Tiempo de lectura":"1 minuto"},"schema":{"@context":"https:\/\/schema.org","@graph":[{"@type":"Article","@id":"https:\/\/www.cel-obert.org\/altres-serveis\/#article","isPartOf":{"@id":"https:\/\/www.cel-obert.org\/altres-serveis\/"},"author":{"name":"admin_celobert","@id":"https:\/\/www.cel-obert.org\/#\/schema\/person\/69adbc36e267ff240c6d47f754c61b44"},"headline":"Altres Serveis","datePublished":"2022-06-17T10:54:24+00:00","dateModified":"2023-02-02T11:06:59+00:00","mainEntityOfPage":{"@id":"https:\/\/www.cel-obert.org\/altres-serveis\/"},"wordCount":91,"commentCount":0,"publisher":{"@id":"https:\/\/www.cel-obert.org\/#organization"},"articleSection":["altres serveis"],"inLanguage":"es","potentialAction":[{"@type":"CommentAction","name":"Comment","target":["https:\/\/www.cel-obert.org\/altres-serveis\/#respond"]}]},{"@type":"WebPage","@id":"https:\/\/www.cel-obert.org\/altres-serveis\/","url":"https:\/\/www.cel-obert.org\/altres-serveis\/","name":"Altres Serveis - Cel Obert","isPartOf":{"@id":"https:\/\/www.cel-obert.org\/#website"},"datePublished":"2022-06-17T10:54:24+00:00","dateModified":"2023-02-02T11:06:59+00:00","inLanguage":"es","potentialAction":[{"@type":"ReadAction","target":["https:\/\/www.cel-obert.org\/altres-serveis\/"]}]},{"@type":"WebSite","@id":"https:\/\/www.cel-obert.org\/#website","url":"https:\/\/www.cel-obert.org\/","name":"Cel Obert","description":"Associaci\u00f3 d&#039;Ajuda Social dedicada al Acolliment Familiar","publisher":{"@id":"https:\/\/www.cel-obert.org\/#organization"},"potentialAction":[{"@type":"SearchAction","target":{"@type":"EntryPoint","urlTemplate":"https:\/\/www.cel-obert.org\/?s={search_term_string}"},"query-input":"required name=search_term_string"}],"inLanguage":"es"},{"@type":"Organization","@id":"https:\/\/www.cel-obert.org\/#organization","name":"Cel Obert - Associaci\u00f3 d'Ajuda Social","url":"https:\/\/www.cel-obert.org\/","logo":{"@type":"ImageObject","inLanguage":"es","@id":"https:\/\/www.cel-obert.org\/#\/schema\/logo\/image\/","url":"https:\/\/www.cel-obert.org\/wp-content\/uploads\/2022\/11\/cropped-cropped-Logo_CelObert_358e9d-1.png","contentUrl":"https:\/\/www.cel-obert.org\/wp-content\/uploads\/2022\/11\/cropped-cropped-Logo_CelObert_358e9d-1.png","width":200,"height":88,"caption":"Cel Obert - Associaci\u00f3 d'Ajuda Social"},"image":{"@id":"https:\/\/www.cel-obert.org\/#\/schema\/logo\/image\/"},"sameAs":["https:\/\/www.instagram.com\/celobert.barcelona\/"]},{"@type":"Person","@id":"https:\/\/www.cel-obert.org\/#\/schema\/person\/69adbc36e267ff240c6d47f754c61b44","name":"admin_celobert","image":{"@type":"ImageObject","inLanguage":"es","@id":"https:\/\/www.cel-obert.org\/#\/schema\/person\/image\/","url":"https:\/\/secure.gravatar.com\/avatar\/cb945b31528aad5c0418b328b191ca59?s=96&d=mm&r=g","contentUrl":"https:\/\/secure.gravatar.com\/avatar\/cb945b31528aad5c0418b328b191ca59?s=96&d=mm&r=g","caption":"admin_celobert"},"sameAs":["https:\/\/www.cel-obert.org"],"url":"https:\/\/www.cel-obert.org\/es\/author\/admin_celobert\/"}]}},"_links":{"self":[{"href":"https:\/\/www.cel-obert.org\/es\/wp-json\/wp\/v2\/posts\/256"}],"collection":[{"href":"https:\/\/www.cel-obert.org\/es\/wp-json\/wp\/v2\/posts"}],"about":[{"href":"https:\/\/www.cel-obert.org\/es\/wp-json\/wp\/v2\/types\/post"}],"author":[{"embeddable":true,"href":"https:\/\/www.cel-obert.org\/es\/wp-json\/wp\/v2\/users\/1"}],"replies":[{"embeddable":true,"href":"https:\/\/www.cel-obert.org\/es\/wp-json\/wp\/v2\/comments?post=256"}],"version-history":[{"count":76,"href":"https:\/\/www.cel-obert.org\/es\/wp-json\/wp\/v2\/posts\/256\/revisions"}],"predecessor-version":[{"id":2681,"href":"https:\/\/www.cel-obert.org\/es\/wp-json\/wp\/v2\/posts\/256\/revisions\/2681"}],"wp:attachment":[{"href":"https:\/\/www.cel-obert.org\/es\/wp-json\/wp\/v2\/media?parent=256"}],"wp:term":[{"taxonomy":"category","embeddable":true,"href":"https:\/\/www.cel-obert.org\/es\/wp-json\/wp\/v2\/categories?post=256"},{"taxonomy":"post_tag","embeddable":true,"href":"https:\/\/www.cel-obert.org\/es\/wp-json\/wp\/v2\/tags?post=256"}],"curies":[{"name":"wp","href":"https:\/\/api.w.org\/{rel}","templated":true}]}}